{"id":205,"date":"2024-01-26T13:54:25","date_gmt":"2024-01-26T13:54:25","guid":{"rendered":"https:\/\/www.delfiori.com.br\/advocatorio\/?p=205"},"modified":"2024-02-01T22:50:32","modified_gmt":"2024-02-01T22:50:32","slug":"jurista-realca-papel-do-advogado-no-estado-democratico-e-de-direito","status":"publish","type":"post","link":"https:\/\/www.delfiori.com.br\/advocatorio\/blog\/2024\/01\/26\/jurista-realca-papel-do-advogado-no-estado-democratico-e-de-direito\/","title":{"rendered":"Jurista real\u00e7a papel do advogado no Estado democr\u00e1tico e de direito"},"content":{"rendered":"<p>[vc_row top=&#8221;0px&#8221;][vc_column][vc_column_text]<\/p>\n<p style=\"font-weight: 400;\"><strong><img loading=\"lazy\" decoding=\"async\" class=\"alignnone wp-image-215 size-full\" src=\"https:\/\/www.delfiori.com.br\/advocatorio\/wp-content\/uploads\/2024\/02\/2.jpg\" alt=\"\" width=\"1920\" height=\"1080\" srcset=\"https:\/\/www.delfiori.com.br\/advocatorio\/wp-content\/uploads\/2024\/02\/2.jpg 1920w, https:\/\/www.delfiori.com.br\/advocatorio\/wp-content\/uploads\/2024\/02\/2-300x169.jpg 300w, https:\/\/www.delfiori.com.br\/advocatorio\/wp-content\/uploads\/2024\/02\/2-1024x576.jpg 1024w, https:\/\/www.delfiori.com.br\/advocatorio\/wp-content\/uploads\/2024\/02\/2-768x432.jpg 768w, https:\/\/www.delfiori.com.br\/advocatorio\/wp-content\/uploads\/2024\/02\/2-1536x864.jpg 1536w\" sizes=\"(max-width: 1920px) 100vw, 1920px\" \/><\/strong><\/p>\n<p style=\"font-weight: 400;\"><strong>O jurista angolano Sebasti\u00e3o Vinte e Cinco destacou, na cidade do U\u00edge, o papel do advogado no Estado democr\u00e1tico e de direito.<\/strong><\/p>\n<p style=\"font-weight: 400;\">O especialista em Direito fez este reconhecimento, sexta-feira, na palestra sobre a advocacia em tempo de crise financeira, promovida pela Ordem dos Advogados de Angola no U\u00edge.<\/p>\n<p style=\"font-weight: 400;\">O jurista disse que o exerc\u00edcio da actividade da advocacia no pa\u00eds deve pautar pelo c\u00f3digo de \u00e9tica e disciplina, alinhado no ordenamento jur\u00eddico e respeitando as prerrogativas legais e constitucionais.<\/p>\n<p style=\"font-weight: 400;\">Sobre o papel da advocacia em tempos de crise financeira, Sebasti\u00e3o Vinte e Cinco reconheceu que a crise colocou em causa o funcionamento e a viabilidade dos gabinetes dos advogados.<\/p>\n<p style=\"font-weight: 400;\">Por sua vez, o delegado provincial da OAA no U\u00edge, Landu Marcelo, disse que a palestra se enquadra no \u00e2mbito das iniciativas da Ordem, tendo em conta a crise financeira que afecta o pa\u00eds e a defesa do direito dos advogados na regi\u00e3o.<\/p>\n<p style=\"font-weight: 400;\">A OAA na prov\u00edncia do U\u00edge controla 17 sociedades de advogados.<\/p>\n<p>[\/vc_column_text][\/vc_column][\/vc_row]<\/p>\n","protected":false},"excerpt":{"rendered":"<p>[vc_row top=&#8221;0px&#8221;][vc_column][vc_column_text] O jurista angolano Sebasti\u00e3o Vinte e Cinco destacou, na cidade do U\u00edge, o papel do advogado no Estado democr\u00e1tico e de direito. O especialista em Direito fez este reconhecimento, sexta-feira, na palestra sobre a advocacia em tempo de crise financeira, promovida pela Ordem dos Advogados de Angola no U\u00edge. O jurista disse que [&hellip;]<\/p>\n","protected":false},"author":2,"featured_media":215,"comment_status":"open","ping_status":"open","sticky":false,"template":"","format":"standard","meta":{"footnotes":""},"categories":[1],"tags":[],"_links":{"self":[{"href":"https:\/\/www.delfiori.com.br\/advocatorio\/wp-json\/wp\/v2\/posts\/205"}],"collection":[{"href":"https:\/\/www.delfiori.com.br\/advocatorio\/wp-json\/wp\/v2\/posts"}],"about":[{"href":"https:\/\/www.delfiori.com.br\/advocatorio\/wp-json\/wp\/v2\/types\/post"}],"author":[{"embeddable":true,"href":"https:\/\/www.delfiori.com.br\/advocatorio\/wp-json\/wp\/v2\/users\/2"}],"replies":[{"embeddable":true,"href":"https:\/\/www.delfiori.com.br\/advocatorio\/wp-json\/wp\/v2\/comments?post=205"}],"version-history":[{"count":5,"href":"https:\/\/www.delfiori.com.br\/advocatorio\/wp-json\/wp\/v2\/posts\/205\/revisions"}],"predecessor-version":[{"id":226,"href":"https:\/\/www.delfiori.com.br\/advocatorio\/wp-json\/wp\/v2\/posts\/205\/revisions\/226"}],"wp:featuredmedia":[{"embeddable":true,"href":"https:\/\/www.delfiori.com.br\/advocatorio\/wp-json\/wp\/v2\/media\/215"}],"wp:attachment":[{"href":"https:\/\/www.delfiori.com.br\/advocatorio\/wp-json\/wp\/v2\/media?parent=205"}],"wp:term":[{"taxonomy":"category","embeddable":true,"href":"https:\/\/www.delfiori.com.br\/advocatorio\/wp-json\/wp\/v2\/categories?post=205"},{"taxonomy":"post_tag","embeddable":true,"href":"https:\/\/www.delfiori.com.br\/advocatorio\/wp-json\/wp\/v2\/tags?post=205"}],"curies":[{"name":"wp","href":"https:\/\/api.w.org\/{rel}","templated":true}]}}