{"id":206,"date":"2024-01-28T13:55:04","date_gmt":"2024-01-28T13:55:04","guid":{"rendered":"https:\/\/www.delfiori.com.br\/advocatorio\/?p=206"},"modified":"2024-02-14T16:50:19","modified_gmt":"2024-02-14T16:50:19","slug":"servicos-de-advocacia-registam-mais-procura","status":"publish","type":"post","link":"https:\/\/www.delfiori.com.br\/advocatorio\/blog\/2024\/01\/28\/servicos-de-advocacia-registam-mais-procura\/","title":{"rendered":"Servi\u00e7os de advocacia registam mais procura"},"content":{"rendered":"<p>[vc_row top=&#8221;0px&#8221; bottom=&#8221;33px&#8221;][vc_column][vc_column_text]<strong><img loading=\"lazy\" decoding=\"async\" class=\"alignnone wp-image-220 size-full\" src=\"https:\/\/www.delfiori.com.br\/advocatorio\/wp-content\/uploads\/2024\/02\/5.jpg\" alt=\"\" width=\"1920\" height=\"1080\" srcset=\"https:\/\/www.delfiori.com.br\/advocatorio\/wp-content\/uploads\/2024\/02\/5.jpg 1920w, https:\/\/www.delfiori.com.br\/advocatorio\/wp-content\/uploads\/2024\/02\/5-300x169.jpg 300w, https:\/\/www.delfiori.com.br\/advocatorio\/wp-content\/uploads\/2024\/02\/5-1024x576.jpg 1024w, https:\/\/www.delfiori.com.br\/advocatorio\/wp-content\/uploads\/2024\/02\/5-768x432.jpg 768w, https:\/\/www.delfiori.com.br\/advocatorio\/wp-content\/uploads\/2024\/02\/5-1536x864.jpg 1536w\" sizes=\"(max-width: 1920px) 100vw, 1920px\" \/><\/strong><\/p>\n<p>[\/vc_column_text][\/vc_column][\/vc_row][vc_row top=&#8221;0px&#8221; bottom=&#8221;33px&#8221;][vc_column width=&#8221;1\/6&#8243;][vc_single_image image=&#8221;497&#8243; img_size=&#8221;full&#8221; css=&#8221;.vc_custom_1707848352774{margin-top: 7px !important;}&#8221;][\/vc_column][vc_column width=&#8221;5\/6&#8243;][vc_column_text]<strong>A procura pelos servi\u00e7os de advocacia na prov\u00edncia do Moxico tem aumentado nos \u00faltimos anos por parte dos cidad\u00e3os, que desejam um desfecho favor\u00e1vel dos processos junto dos tribunais locais, constatou o advogado Jos\u00e9 de Oliveira.<\/strong>[\/vc_column_text][\/vc_column][\/vc_row][vc_row top=&#8221;0px&#8221; bottom=&#8221;33px&#8221;][vc_column][vc_column_text]<\/p>\n<blockquote><p><em>Apesar do baixo n\u00edvel de conhecimentos sobre os direitos que assistem os cidad\u00e3os, aliado \u00e0 fraca cultura jur\u00eddica dos cidad\u00e3os, \u00e9 vis\u00edvel o interesse pela procura dos servi\u00e7os judiciais nos \u00faltimos anos.<\/em><\/p><\/blockquote>\n<p>Jos\u00e9 de Oliveira referiu que a prov\u00edncia possui apenas um advogado s\u00e9nior e alguns estagi\u00e1rios, que t\u00eam dado solu\u00e7\u00e3o a v\u00e1rios processos que d\u00e3o entrada no \u00fanico escrit\u00f3rio de advogados no Moxico.<\/p>\n<p><img loading=\"lazy\" decoding=\"async\" class=\"alignnone wp-image-519 size-full\" src=\"https:\/\/www.delfiori.com.br\/advocatorio\/wp-content\/uploads\/2024\/01\/moxico02.jpg\" alt=\"\" width=\"1405\" height=\"423\" srcset=\"https:\/\/www.delfiori.com.br\/advocatorio\/wp-content\/uploads\/2024\/01\/moxico02.jpg 1405w, https:\/\/www.delfiori.com.br\/advocatorio\/wp-content\/uploads\/2024\/01\/moxico02-300x90.jpg 300w, https:\/\/www.delfiori.com.br\/advocatorio\/wp-content\/uploads\/2024\/01\/moxico02-1024x308.jpg 1024w, https:\/\/www.delfiori.com.br\/advocatorio\/wp-content\/uploads\/2024\/01\/moxico02-768x231.jpg 768w\" sizes=\"(max-width: 1405px) 100vw, 1405px\" \/>Para que o cidad\u00e3o tenha conhecimento do direito que lhe assiste quando se encontra em conflito com a Lei, Jos\u00e9 de Oliveira defendeu a realiza\u00e7\u00e3o de palestras pelos operadores de justi\u00e7a.<\/p>\n<blockquote><p><em>Deve-se promover programas radiof\u00f3nicos de modo a divulgar a forma como os cidad\u00e3os devem comportar-se perante situa\u00e7\u00f5es que reclamam interven\u00e7\u00e3o jur\u00eddica<\/em><\/p><\/blockquote>\n<p>Essas s\u00e3o as palavras do advogado, que elogiou o trabalho do tribunal provincial, tendo apontado os furtos, roubos, conflitos de interesse inerentes aos direitos de superf\u00edcie, como os crimes que mais d\u00e3o entrada no escrit\u00f3rio do n\u00facleo dos advogados na prov\u00edncia do Moxico.[\/vc_column_text][\/vc_column][\/vc_row]<\/p>\n","protected":false},"excerpt":{"rendered":"<p>[vc_row top=&#8221;0px&#8221; bottom=&#8221;33px&#8221;][vc_column][vc_column_text] [\/vc_column_text][\/vc_column][\/vc_row][vc_row top=&#8221;0px&#8221; bottom=&#8221;33px&#8221;][vc_column width=&#8221;1\/6&#8243;][vc_single_image image=&#8221;497&#8243; img_size=&#8221;full&#8221; css=&#8221;.vc_custom_1707848352774{margin-top: 7px !important;}&#8221;][\/vc_column][vc_column width=&#8221;5\/6&#8243;][vc_column_text]A procura pelos servi\u00e7os de advocacia na prov\u00edncia do Moxico tem aumentado nos \u00faltimos anos por parte dos cidad\u00e3os, que desejam um desfecho favor\u00e1vel dos processos junto dos tribunais locais, constatou o advogado Jos\u00e9 de Oliveira.[\/vc_column_text][\/vc_column][\/vc_row][vc_row top=&#8221;0px&#8221; bottom=&#8221;33px&#8221;][vc_column][vc_column_text] Apesar do baixo n\u00edvel de [&hellip;]<\/p>\n","protected":false},"author":2,"featured_media":220,"comment_status":"open","ping_status":"open","sticky":false,"template":"","format":"standard","meta":{"footnotes":""},"categories":[1],"tags":[],"_links":{"self":[{"href":"https:\/\/www.delfiori.com.br\/advocatorio\/wp-json\/wp\/v2\/posts\/206"}],"collection":[{"href":"https:\/\/www.delfiori.com.br\/advocatorio\/wp-json\/wp\/v2\/posts"}],"about":[{"href":"https:\/\/www.delfiori.com.br\/advocatorio\/wp-json\/wp\/v2\/types\/post"}],"author":[{"embeddable":true,"href":"https:\/\/www.delfiori.com.br\/advocatorio\/wp-json\/wp\/v2\/users\/2"}],"replies":[{"embeddable":true,"href":"https:\/\/www.delfiori.com.br\/advocatorio\/wp-json\/wp\/v2\/comments?post=206"}],"version-history":[{"count":37,"href":"https:\/\/www.delfiori.com.br\/advocatorio\/wp-json\/wp\/v2\/posts\/206\/revisions"}],"predecessor-version":[{"id":564,"href":"https:\/\/www.delfiori.com.br\/advocatorio\/wp-json\/wp\/v2\/posts\/206\/revisions\/564"}],"wp:featuredmedia":[{"embeddable":true,"href":"https:\/\/www.delfiori.com.br\/advocatorio\/wp-json\/wp\/v2\/media\/220"}],"wp:attachment":[{"href":"https:\/\/www.delfiori.com.br\/advocatorio\/wp-json\/wp\/v2\/media?parent=206"}],"wp:term":[{"taxonomy":"category","embeddable":true,"href":"https:\/\/www.delfiori.com.br\/advocatorio\/wp-json\/wp\/v2\/categories?post=206"},{"taxonomy":"post_tag","embeddable":true,"href":"https:\/\/www.delfiori.com.br\/advocatorio\/wp-json\/wp\/v2\/tags?post=206"}],"curies":[{"name":"wp","href":"https:\/\/api.w.org\/{rel}","templated":true}]}}